{"id":9765,"date":"2026-08-30T21:44:14","date_gmt":"2026-08-31T00:44:14","guid":{"rendered":"https:\/\/redredcompany.com.br\/?p=9765"},"modified":"2026-08-30T21:45:59","modified_gmt":"2026-08-31T00:45:59","slug":"nel-monteiro-uma-lenda-da-pimba","status":"publish","type":"post","link":"https:\/\/redredcompany.com.br\/index.php\/2026\/08\/30\/nel-monteiro-uma-lenda-da-pimba\/","title":{"rendered":"Nel Monteiro uma Lenda da Pimba"},"content":{"rendered":"<h1>Nel Monteiro uma Lenda da Pimba<\/h1>\n<p>Poucos nomes da chamada pimba tiveram o dom de ficar na mem\u00f3ria coletiva como Nel Monteiro. Nas pr\u00f3ximas linhas tra\u00e7amos a sua hist\u00f3ria, do in\u00edcio humilde aos discos de platina.<\/p>\n<p>Conv\u00e9m dizer desde j\u00e1 que reunir a hist\u00f3ria de um artista assim obriga a escolhas. Procur\u00e1mos reunir o essencial, com rigor e afeto, para quem quer conhec\u00ea-lo melhor.<\/p>\n<p>Vindo do interior de Viseu, em 1945, o futuro Nel Monteiro deu os primeiros passos em Santa Marta de Penagui\u00e3o. Foi essa viv\u00eancia que moldaria a sua obra.<\/p>\n<h2>A Idade Atual do Artista<\/h2>\n<p>Uma das d\u00favidas que aparece nas pesquisas sobre o artista tem que ver com a idade. Vindo ao mundo em 1945, o cantor acumula muitos anos, mantendo uma vitalidade invej\u00e1vel.<\/p>\n<p>Quem o encontra num arraial custa a acreditar quantas d\u00e9cadas soma. A boa disposi\u00e7\u00e3o permanecem um dos seus tra\u00e7os.<\/p>\n<p>Percorrer tantas d\u00e9cadas com espet\u00e1culos marcados torna-se prova de paix\u00e3o pela m\u00fasica. Boa parte dos contempor\u00e2neos deixaram os palcos, mas o artista segue em frente.<\/p>\n<h2>O \u00caxito Azar na Praia de Nel Monteiro<\/h2>\n<p>Se h\u00e1 uma can\u00e7\u00e3o que resume a sua ascens\u00e3o, \u00e9 sem d\u00favida o famoso Azar na Praia. Gravado no arranque da carreira, a m\u00fasica depressa virou um cl\u00e1ssico das festas.<\/p>\n<p>Nel Monteiro recorda que foi o momento decisivo. Na sequ\u00eancia do tema, a carreira descolou, e os arraiais passaram a contar o seu repert\u00f3rio.<\/p>\n<p>Ironicamente, a can\u00e7\u00e3o que fala de azar representou precisamente o contr\u00e1rio. Com o seu tom c\u00f3mico, divertiu Portugal inteiro, e continua nos alinhamentos dos bailes.<\/p>\n<h2>O Ritmo de Vamos Funanar no Repert\u00f3rio<\/h2>\n<p>Sem se prender ao registo tradicional, Nel Monteiro aventurou-se por influ\u00eancias de fora. Este \u00eaxito ilustra bem essa curiosidade musical, convocando os ritmos cabo-verdianos.<\/p>\n<p>Este di\u00e1logo entre o baile portugu\u00eas e influ\u00eancias tropicais revela um artista atento, em permanente evolu\u00e7\u00e3o.<\/p>\n<p>Ao incorporar batidas de al\u00e9m-mar para as festas de ver\u00e3o, o cantor aproximou diferentes tradi\u00e7\u00f5es. Para muitos ouvintes das festas populares, estes temas guardam um significado extra.<\/p>\n<h2>O Cantor Popular e o Seu Estilo<\/h2>\n<p>Na sua faceta art\u00edstica, este int\u00e9rprete forjou uma marca pr\u00f3pria. A picardia das suas letras seduziu um p\u00fablico vast\u00edssimo, do norte ao sul.<\/p>\n<p>Do seu repert\u00f3rio que todos cantam, merecem nota can\u00e7\u00f5es emblem\u00e1ticas:<\/p>\n<ul>\n<li>O \u00eaxito Azar na Praia, o cl\u00e1ssico dos cl\u00e1ssicos.<\/li>\n<li>Os refr\u00f5es mais atrevidos, marcados pelo humor picante.<\/li>\n<li>As incurs\u00f5es pelo funan\u00e1 e pelo forr\u00f3, que alargaram o seu p\u00fablico.<\/li>\n<li>Os temas emotivos, dedicadas \u00e0 fam\u00edlia.<\/li>\n<\/ul>\n<p>O que distingue do cantor reside talvez no toque popular. Continuou o mesmo, cantando para o povo, e \u00e9 esse tra\u00e7o que o p\u00fablico reconhece.<\/p>\n<h2>A Esposa Atual na Vida do Artista<\/h2>\n<p>A esfera privada de Nel Monteiro conheceu cap\u00edtulos diversos. Com a companheira, a sua \u00e2ncora, o cantor redescobriu equil\u00edbrio, na sequ\u00eancia de anos conturbados.<\/p>\n<p>Ele mesmo contou em entrevistas que deve muito \u00e0 companheira. Reservado quanto \u00e0 vida familiar, opta por separar a fama da vida \u00edntima.<\/p>\n<p>Este segundo cap\u00edtulo amoroso difere de um passado mais conturbado. Ap\u00f3s um casamento longo, ele reergueu-se, revelando que h\u00e1 sempre uma segunda oportunidade.<\/p>\n<h2>Os Anos de Sucesso do Artista<\/h2>\n<p>\u00c9 um longo percurso que Nel Monteiro passa nas romarias. Ao longo deste tempo, a trajet\u00f3ria incluiu momentos duros, por\u00e9m a persist\u00eancia acabou por vencer.<\/p>\n<p>Para se perceber a dimens\u00e3o deste percurso, vale a pena recordar alguns momentos-chave:<\/p>\n<ol>\n<li>Os passos iniciais, quando compunha para outros artistas.<\/li>\n<li>O ano decisivo de 1984, com a decis\u00e3o de procurar editora.<\/li>\n<li>A can\u00e7\u00e3o que fez hist\u00f3ria, que mudou o rumo.<\/li>\n<li>As parcerias e os duetos, com uma discografia vasta.<\/li>\n<\/ol>\n<p>Cada um destes marcos deixou mais p\u00fablico, construindo uma reputa\u00e7\u00e3o no cora\u00e7\u00e3o do p\u00fablico.<\/p>\n<h2>A Mulher nas Suas Can\u00e7\u00f5es<\/h2>\n<p>A presen\u00e7a feminina tem espa\u00e7o na biografia e na m\u00fasica deste int\u00e9rprete. Quer nas can\u00e7\u00f5es, o amor manifesta-se de forma recorrente.<\/p>\n<p>Longe do espet\u00e1culo, foi ao lado da mulher que ama lhe deu for\u00e7as, quando mais precisou. Essa hist\u00f3ria comprova a fragilidade e a for\u00e7a.<\/p>\n<p>Deste modo, a companhia n\u00e3o fica apenas nas letras sendo tamb\u00e9m alicerce. No caso de Nel Monteiro, palco e casa cruzam-se a cada refr\u00e3o.<\/p>\n<h2>A Primog\u00e9nita de Nel Monteiro<\/h2>\n<p>No plano familiar, o cantor construiu fam\u00edlia. A mais velha das filhas vem de tempos anteriores. Fora do mundo do espet\u00e1culo, leva o seu caminho.<\/p>\n<p>Embora proteja a fam\u00edlia, o pai fez quest\u00e3o de mostrar a liga\u00e7\u00e3o pelas filhas. Afinal <a href=\"https:\/\/znaki.fm\/pt\/persons\/nel-monteiro\/\">quem \u00e9 a mulher de Manuel Teixeira Monteiro<\/a> que lhe devolveu o sorriso com todo o cuidado.<\/p>\n<p>Para l\u00e1 da primog\u00e9nita, Nel Monteiro conta tamb\u00e9m com outra menina, fruto da rela\u00e7\u00e3o atual. O lar permanece a base de tudo, para l\u00e1 dos palcos.<\/p>\n<h2>Um Retrato Final sobre Nel Monteiro<\/h2>\n<p>Muito al\u00e9m dos refr\u00f5es divertidos, o artista afirma-se como uma figura incontorn\u00e1vel. A sua vida de resili\u00eancia fica como exemplo, tal como as suas can\u00e7\u00f5es continuam a animar as noites de ver\u00e3o. Eis o retrato de um nome maior da m\u00fasica ligeira.<\/p>\n<p>Enquanto o povo dan\u00e7ar, ouvir-se-\u00e1 um \u00eaxito seu. Ser\u00e1 porventura essa a sua maior conquista: fazer parte da banda sonora de todo um pa\u00eds.<\/p>\n","protected":false},"excerpt":{"rendered":"<p>Nel Monteiro uma Lenda da Pimba Poucos nomes da chamada pimba tiveram o dom de ficar na mem\u00f3ria coletiva como Nel Monteiro. Nas pr\u00f3ximas linhas tra\u00e7amos a sua hist\u00f3ria, do in\u00edcio humilde aos discos de platina. Conv\u00e9m dizer desde j\u00e1 que reunir a hist\u00f3ria de um artista assim obriga a escolhas. Procur\u00e1mos reunir o essencial, [&hellip;]<\/p>\n","protected":false},"author":1,"featured_media":0,"comment_status":"open","ping_status":"open","sticky":false,"template":"","format":"standard","meta":{"footnotes":""},"categories":[39],"tags":[],"_links":{"self":[{"href":"https:\/\/redredcompany.com.br\/index.php\/wp-json\/wp\/v2\/posts\/9765"}],"collection":[{"href":"https:\/\/redredcompany.com.br\/index.php\/wp-json\/wp\/v2\/posts"}],"about":[{"href":"https:\/\/redredcompany.com.br\/index.php\/wp-json\/wp\/v2\/types\/post"}],"author":[{"embeddable":true,"href":"https:\/\/redredcompany.com.br\/index.php\/wp-json\/wp\/v2\/users\/1"}],"replies":[{"embeddable":true,"href":"https:\/\/redredcompany.com.br\/index.php\/wp-json\/wp\/v2\/comments?post=9765"}],"version-history":[{"count":1,"href":"https:\/\/redredcompany.com.br\/index.php\/wp-json\/wp\/v2\/posts\/9765\/revisions"}],"predecessor-version":[{"id":9766,"href":"https:\/\/redredcompany.com.br\/index.php\/wp-json\/wp\/v2\/posts\/9765\/revisions\/9766"}],"wp:attachment":[{"href":"https:\/\/redredcompany.com.br\/index.php\/wp-json\/wp\/v2\/media?parent=9765"}],"wp:term":[{"taxonomy":"category","embeddable":true,"href":"https:\/\/redredcompany.com.br\/index.php\/wp-json\/wp\/v2\/categories?post=9765"},{"taxonomy":"post_tag","embeddable":true,"href":"https:\/\/redredcompany.com.br\/index.php\/wp-json\/wp\/v2\/tags?post=9765"}],"curies":[{"name":"wp","href":"https:\/\/api.w.org\/{rel}","templated":true}]}}